{"id":957,"date":"2020-08-05T12:41:49","date_gmt":"2020-08-05T12:41:49","guid":{"rendered":"https:\/\/juliahelena.com\/?p=957"},"modified":"2020-08-21T15:08:51","modified_gmt":"2020-08-21T15:08:51","slug":"tendinte-de-make-up-si-coafuri-de-mireasa","status":"publish","type":"post","link":"https:\/\/juliahelena.com\/ro\/tendinte-de-make-up-si-coafuri-de-mireasa\/","title":{"rendered":"Tendin\u021be de make-up \u0219i coafuri de mireas\u0103"},"content":{"rendered":"<p>Atunci c\u00e2nd \u00ee\u021bi alegi coafura \u0219i machiajul potrivit pentru un eveniment, \u00een special, ziua \u00een care vei fi mireas\u0103, trebuie s\u0103 \u021bii cont de anumite detalii, \u0219i anume, de forma fe\u021bei \u0219i a capului, de culoarea \u0219i lungimea p\u0103rului, \u0219i nu \u00een ultimul r\u00e2nd, de rochia pe care o vei purta. Op\u021biunile pentru care optezi mai trebuie s\u0103 depind\u0103 \u0219i de propriul stil, \u00een care te sim\u021bi cel mai sigur \u0219i liber, dar s\u0103 corespund\u0103 \u0219i tendin\u021belor actuale.<\/p>\n<p>Echipa #JH \u00ee\u021bi sugereaz\u0103 c\u00e2teva exemple de make-up \u0219i coafuri care vor fi \u00een trend. Pentru \u00eenceput, iat\u0103 c\u00e2teva selec\u021bii de look-uri, dintre care, unele au fost prezentate la \u201eBridal Fashion Week\u201d:<\/p>\n<ol>\n<li>Ochii se accentueaz\u0103, fiind contura\u021bi negru-pal; iar p\u0103rul se str\u00e2nge \u00eentr-un coc r\u0103v\u0103\u0219it, \u00eenfrumuse\u021bat cu o coroni\u021b\u0103 argintie.<\/li>\n<\/ol>\n<p><img loading=\"lazy\" decoding=\"async\" class=\"alignnone wp-image-1698\" src=\"https:\/\/juliahelena.com\/wp-content\/uploads\/2018\/12\/1-1-240x300.jpg\" sizes=\"auto, (max-width: 468px) 100vw, 468px\" srcset=\"https:\/\/juliahelena.com\/wp-content\/uploads\/2018\/12\/1-1-240x300.jpg 240w, https:\/\/juliahelena.com\/wp-content\/uploads\/2018\/12\/1-1.jpg 700w\" alt=\"\" width=\"468\" height=\"585\" \/><\/p>\n<p>Sursa:\u00a0<a href=\"https:\/\/www.elle.com\/uk\/beauty\/g19870740\/wedding-hair-and-make-up-bridal-fashion-week-2019\/?slide=8\" target=\"_blank\" rel=\"noopener\">https:\/\/www.elle.com\/uk\/beauty\/g19870740\/wedding-hair-and-make-up-bridal-fashion-week-2019\/?slide=8<\/a><\/p>\n<ol start=\"2\">\n<li>Acest stil de coafur\u0103 \u0219i machiaj este potrivit pentru miresele care prefer\u0103 s\u0103-\u0219i eviden\u021bieze frumuse\u021bea prin naturale\u021be. Ochii sunt accentua\u021bi cu eyeliner-ul auriu \u0219i rimel, iar pe buze aplicat ruj cu o nuan\u021b\u0103 c\u00e2t se poate de natural\u0103. Pentru un plus de rafinament \u0219i elegan\u021b\u0103, mireasa poate opta pentru o coroan\u0103 tridimensional\u0103 de flori vii \u00e0 la Lana del Rey.<\/li>\n<\/ol>\n<p><img loading=\"lazy\" decoding=\"async\" class=\"alignnone wp-image-1700\" src=\"https:\/\/juliahelena.com\/wp-content\/uploads\/2018\/12\/2-1-240x300.jpg\" sizes=\"auto, (max-width: 467px) 100vw, 467px\" srcset=\"https:\/\/juliahelena.com\/wp-content\/uploads\/2018\/12\/2-1-240x300.jpg 240w, https:\/\/juliahelena.com\/wp-content\/uploads\/2018\/12\/2-1.jpg 700w\" alt=\"\" width=\"467\" height=\"584\" \/><\/p>\n<p>Sursa:\u00a0<a href=\"https:\/\/www.elle.com\/uk\/beauty\/g19870740\/wedding-hair-and-make-up-bridal-fashion-week-2019\/?slide=9\" target=\"_blank\" rel=\"noopener\">https:\/\/www.elle.com\/uk\/beauty\/g19870740\/wedding-hair-and-make-up-bridal-fashion-week-2019\/?slide=9<\/a><\/p>\n<ol start=\"3\">\n<li>Trendurile de machiaj pentru mireas\u0103, care vor domina \u00een sezon sunt eyeliner-ul argintiu\/auriu \u0219i rujul ro\u0219u mat. Fie c\u0103 opta\u021bi pentru buze de nuan\u021be naturale, fie c\u0103 v\u0103 place ro\u0219ul, recomandarea noastr\u0103 ar fi sa alege\u021bi \u00een dependen\u021b\u0103 de personalitatea ce v\u0103 caracterizeaz\u0103.<\/li>\n<\/ol>\n<p><img loading=\"lazy\" decoding=\"async\" class=\"alignnone wp-image-1702\" src=\"https:\/\/juliahelena.com\/wp-content\/uploads\/2018\/12\/3-300x200.png\" sizes=\"auto, (max-width: 533px) 100vw, 533px\" srcset=\"https:\/\/juliahelena.com\/wp-content\/uploads\/2018\/12\/3-300x200.png 300w, https:\/\/juliahelena.com\/wp-content\/uploads\/2018\/12\/3.png 480w\" alt=\"\" width=\"533\" height=\"355\" \/><img loading=\"lazy\" decoding=\"async\" class=\"alignnone wp-image-1704\" src=\"https:\/\/juliahelena.com\/wp-content\/uploads\/2018\/12\/4-1-300x220.png\" sizes=\"auto, (max-width: 533px) 100vw, 533px\" srcset=\"https:\/\/juliahelena.com\/wp-content\/uploads\/2018\/12\/4-1-300x220.png 300w, https:\/\/juliahelena.com\/wp-content\/uploads\/2018\/12\/4-1.png 480w\" alt=\"\" width=\"533\" height=\"391\" \/><\/p>\n<p>Sursa: https:\/\/www.harpersbazaar.com\/wedding\/bridal-beauty\/g19836897\/wedding-hair-makeup-trends-spring-2019\/<\/p>\n<ol start=\"4\">\n<li>Mireasa boho poate opta pentru p\u0103rul prins la spate cu benti\u021b\u0103 \u0219i fund\u0103 voluminoas\u0103 de culoarea rochiei.<\/li>\n<\/ol>\n<p><img loading=\"lazy\" decoding=\"async\" class=\"alignnone wp-image-1706\" src=\"https:\/\/juliahelena.com\/wp-content\/uploads\/2018\/12\/5-1-198x300.png\" sizes=\"auto, (max-width: 493px) 100vw, 493px\" srcset=\"https:\/\/juliahelena.com\/wp-content\/uploads\/2018\/12\/5-1-198x300.png 198w, https:\/\/juliahelena.com\/wp-content\/uploads\/2018\/12\/5-1.png 491w\" alt=\"\" width=\"493\" height=\"747\" \/><\/p>\n<p>Sursa: https:\/\/www.harpersbazaar.com\/wedding\/bridal-beauty\/g19836897\/wedding-hair-makeup-trends-spring-2019\/<\/p>\n<ol start=\"5\">\n<li>Pentru o nunt\u0103 rustic\u0103 outdoor, \u00eei recomand\u0103m miresei s\u0103 poarte p\u00eerul l\u0103sat pe spate, abia ondulat, cu floricele albe, aplicate de-a lungul \u0219uvi\u021belor laterale.<\/li>\n<\/ol>\n<p><img loading=\"lazy\" decoding=\"async\" class=\"alignnone wp-image-1708\" src=\"https:\/\/juliahelena.com\/wp-content\/uploads\/2018\/12\/6-1-240x300.jpg\" sizes=\"auto, (max-width: 491px) 100vw, 491px\" srcset=\"https:\/\/juliahelena.com\/wp-content\/uploads\/2018\/12\/6-1-240x300.jpg 240w, https:\/\/juliahelena.com\/wp-content\/uploads\/2018\/12\/6-1.jpg 480w\" alt=\"\" width=\"491\" height=\"614\" \/><\/p>\n<p>Sursa:\u00a0<a href=\"https:\/\/www.elle.com\/uk\/beauty\/g19870740\/wedding-hair-and-make-up-bridal-fashion-week-2019\/?slide=7\" target=\"_blank\" rel=\"noopener\">https:\/\/www.elle.com\/uk\/beauty\/g19870740\/wedding-hair-and-make-up-bridal-fashion-week-2019\/?slide=7<\/a><\/p>\n<p>6. Revine \u00een vog\u0103 p\u0103rul desprins \u0219i acoperit cu \u0219uvi\u021be naturale, agrafe sau flori, fie drept sau ondulat:<\/p>\n<p><img loading=\"lazy\" decoding=\"async\" class=\"alignnone wp-image-1710\" src=\"https:\/\/juliahelena.com\/wp-content\/uploads\/2018\/12\/7-1-240x300.jpg\" sizes=\"auto, (max-width: 490px) 100vw, 490px\" srcset=\"https:\/\/juliahelena.com\/wp-content\/uploads\/2018\/12\/7-1-240x300.jpg 240w, https:\/\/juliahelena.com\/wp-content\/uploads\/2018\/12\/7-1.jpg 480w\" alt=\"\" width=\"490\" height=\"613\" \/><\/p>\n<p>Sursa: https:\/\/www.elle.com\/uk\/beauty\/g19870740\/wedding-hair-and-make-up-bridal-fashion-week-2019\/?slide=4<\/p>\n<p>Nu uita, coafura constituie un adev\u0103rat etalon ce \u00ee\u021bi contureaz\u0103 frumuse\u021bea, a\u0219adar, look-ul perfect este cel care te define\u0219te \u00een totalitate \u0219i \u00ee\u021bi inspir\u0103 doza de \u00eencredere \u00een ziua \u00een care vei fi mireas\u0103.<\/p>","protected":false},"excerpt":{"rendered":"<p>Atunci c\u00e2nd \u00ee\u021bi alegi coafura \u0219i machiajul potrivit pentru un eveniment, \u00een special, ziua \u00een care vei fi mireas\u0103, trebuie s\u0103 \u021bii cont de anumite detalii, \u0219i anume, de forma fe\u021bei \u0219i a capului, de culoarea \u0219i lungimea p\u0103rului, \u0219i nu \u00een ultimul r\u00e2nd, de rochia pe care o vei purta. Op\u021biunile pentru care optezi&hellip;&nbsp;<a href=\"https:\/\/juliahelena.com\/ro\/tendinte-de-make-up-si-coafuri-de-mireasa\/\" class=\"\" rel=\"bookmark\">Cite\u0219te mai mult &raquo;<span class=\"screen-reader-text\">Tendin\u021be de make-up \u0219i coafuri de mireas\u0103<\/span><\/a><\/p>","protected":false},"author":1,"featured_media":1615,"comment_status":"open","ping_status":"open","sticky":false,"template":"","format":"standard","meta":{"inline_featured_image":false,"neve_meta_sidebar":"","neve_meta_container":"","neve_meta_enable_content_width":"off","neve_meta_content_width":0,"neve_meta_title_alignment":"","neve_meta_author_avatar":"","neve_post_elements_order":"","neve_meta_disable_header":"","neve_meta_disable_footer":"","neve_meta_disable_title":"","neve_meta_reading_time":"","footnotes":""},"categories":[22],"tags":[],"class_list":["post-957","post","type-post","status-publish","format-standard","has-post-thumbnail","hentry","category-news"],"_links":{"self":[{"href":"https:\/\/juliahelena.com\/ro\/wp-json\/wp\/v2\/posts\/957","targetHints":{"allow":["GET"]}}],"collection":[{"href":"https:\/\/juliahelena.com\/ro\/wp-json\/wp\/v2\/posts"}],"about":[{"href":"https:\/\/juliahelena.com\/ro\/wp-json\/wp\/v2\/types\/post"}],"author":[{"embeddable":true,"href":"https:\/\/juliahelena.com\/ro\/wp-json\/wp\/v2\/users\/1"}],"replies":[{"embeddable":true,"href":"https:\/\/juliahelena.com\/ro\/wp-json\/wp\/v2\/comments?post=957"}],"version-history":[{"count":3,"href":"https:\/\/juliahelena.com\/ro\/wp-json\/wp\/v2\/posts\/957\/revisions"}],"predecessor-version":[{"id":1612,"href":"https:\/\/juliahelena.com\/ro\/wp-json\/wp\/v2\/posts\/957\/revisions\/1612"}],"wp:featuredmedia":[{"embeddable":true,"href":"https:\/\/juliahelena.com\/ro\/wp-json\/wp\/v2\/media\/1615"}],"wp:attachment":[{"href":"https:\/\/juliahelena.com\/ro\/wp-json\/wp\/v2\/media?parent=957"}],"wp:term":[{"taxonomy":"category","embeddable":true,"href":"https:\/\/juliahelena.com\/ro\/wp-json\/wp\/v2\/categories?post=957"},{"taxonomy":"post_tag","embeddable":true,"href":"https:\/\/juliahelena.com\/ro\/wp-json\/wp\/v2\/tags?post=957"}],"curies":[{"name":"wp","href":"https:\/\/api.w.org\/{rel}","templated":true}]}}